{"id":4552,"date":"2020-04-17T08:06:57","date_gmt":"2020-04-17T08:06:57","guid":{"rendered":"https:\/\/www.zeichnungsverlag.ch\/epis\/"},"modified":"2020-05-14T07:04:42","modified_gmt":"2020-05-14T07:04:42","slug":"epis","status":"publish","type":"post","link":"https:\/\/www.zeichnungsverlag.ch\/fr\/epis\/","title":{"rendered":"Epis"},"content":{"rendered":"<section class=\"l-section wpb_row height_medium\"><div class=\"l-section-h i-cf\"><div class=\"g-cols vc_row via_flex valign_top type_default stacking_default\"><div class=\"vc_col-sm-6 wpb_column vc_column_container\"><div class=\"vc_column-inner\"><div class=\"wpb_wrapper\"><div class=\"w-post-elm post_image stretched\"><img loading=\"lazy\" decoding=\"async\" width=\"600\" height=\"600\" src=\"https:\/\/www.zeichnungsverlag.ch\/wp-content\/uploads\/2019\/03\/1030_Urnen-Aehre.jpg\" class=\"attachment-large size-large wp-post-image\" alt=\"\" srcset=\"https:\/\/www.zeichnungsverlag.ch\/wp-content\/uploads\/2019\/03\/1030_Urnen-Aehre.jpg 600w, https:\/\/www.zeichnungsverlag.ch\/wp-content\/uploads\/2019\/03\/1030_Urnen-Aehre-150x150.jpg 150w, https:\/\/www.zeichnungsverlag.ch\/wp-content\/uploads\/2019\/03\/1030_Urnen-Aehre-300x300.jpg 300w, https:\/\/www.zeichnungsverlag.ch\/wp-content\/uploads\/2019\/03\/1030_Urnen-Aehre-500x500.jpg 500w\" sizes=\"auto, (max-width: 600px) 100vw, 600px\" \/><\/div><\/div><\/div><\/div><div class=\"vc_col-sm-6 wpb_column vc_column_container\"><div class=\"vc_column-inner\"><div class=\"wpb_wrapper\"><div class=\"wpb_text_column\"><div class=\"wpb_wrapper\"><p>L&rsquo;\u00e9pis de bl\u00e9 \u00e9tait d\u00e9j\u00e0 un symbole de fertilit\u00e9, de vie, de mort et de r\u00e9incarnation dans les anciennes civilisations.<br \/>\nLe grain moulu devient de la farine avec laquelle le pain peut \u00eatre fait, ce qui \u00e9tait toujours l&rsquo;aliment de base des pauvres, il appara\u00eet dans de nombreux endroits de la Bible. Sur les pierres tombales, l&rsquo;\u00e9pi symbolise souvent la renaissance.<\/p>\n<\/div><\/div><div class=\"w-separator size_medium with_line width_default thick_1 style_solid color_border align_center\"><div class=\"w-separator-h\"><\/div><\/div><div class=\"wpb_text_column\"><div class=\"wpb_wrapper\"><h3>Caract\u00e9ristiques du produit<\/h3>\n<p>Hauteur: 27,5 cm<br \/>\nDiam\u00e8tre: 18,5 cm<br \/>\nVolume: 4 litres<br \/>\nPoids: 0,5 kg<br \/>\nMat\u00e9riel: substance naturelle<\/p>\n<\/div><\/div><\/div><\/div><\/div><\/div><\/div><\/section><section class=\"l-section wpb_row height_medium\"><div class=\"l-section-h i-cf\"><div class=\"g-cols vc_row via_flex valign_bottom type_default stacking_default\"><div class=\"vc_col-sm-6 wpb_column vc_column_container\"><div class=\"vc_column-inner\"><div class=\"wpb_wrapper\"><div class=\"g-cols wpb_row via_flex valign_top type_default stacking_default\"><div class=\"vc_col-sm-6 wpb_column vc_column_container\"><div class=\"vc_column-inner\"><div class=\"wpb_wrapper\"><div class=\"w-image align_center meta_simple\"><a ref=\"magnificPopup\" href=\"https:\/\/www.zeichnungsverlag.ch\/wp-content\/uploads\/2019\/03\/1030S_Urne-Aehre.jpg\" aria-label=\"1030S\" class=\"w-image-h\"><img decoding=\"async\" width=\"600\" height=\"600\" src=\"https:\/\/www.zeichnungsverlag.ch\/wp-content\/uploads\/2019\/03\/1030S_Urne-Aehre.jpg\" class=\"attachment-full size-full\" alt=\"\" loading=\"lazy\" srcset=\"https:\/\/www.zeichnungsverlag.ch\/wp-content\/uploads\/2019\/03\/1030S_Urne-Aehre.jpg 600w, https:\/\/www.zeichnungsverlag.ch\/wp-content\/uploads\/2019\/03\/1030S_Urne-Aehre-150x150.jpg 150w, https:\/\/www.zeichnungsverlag.ch\/wp-content\/uploads\/2019\/03\/1030S_Urne-Aehre-300x300.jpg 300w, https:\/\/www.zeichnungsverlag.ch\/wp-content\/uploads\/2019\/03\/1030S_Urne-Aehre-500x500.jpg 500w\" sizes=\"auto, (max-width: 600px) 100vw, 600px\" \/><\/a><div class=\"w-image-meta\"><div class=\"w-image-title\">1030S<\/div><\/div><\/div><\/div><\/div><\/div><div class=\"vc_col-sm-6 wpb_column vc_column_container\"><div class=\"vc_column-inner\"><div class=\"wpb_wrapper\"><div class=\"w-image align_center meta_simple\"><a ref=\"magnificPopup\" href=\"https:\/\/www.zeichnungsverlag.ch\/wp-content\/uploads\/2019\/03\/1030W_Urne-Aehre.jpg\" aria-label=\"1030W\" class=\"w-image-h\"><img decoding=\"async\" width=\"600\" height=\"600\" src=\"https:\/\/www.zeichnungsverlag.ch\/wp-content\/uploads\/2019\/03\/1030W_Urne-Aehre.jpg\" class=\"attachment-full size-full\" alt=\"\" loading=\"lazy\" srcset=\"https:\/\/www.zeichnungsverlag.ch\/wp-content\/uploads\/2019\/03\/1030W_Urne-Aehre.jpg 600w, https:\/\/www.zeichnungsverlag.ch\/wp-content\/uploads\/2019\/03\/1030W_Urne-Aehre-150x150.jpg 150w, https:\/\/www.zeichnungsverlag.ch\/wp-content\/uploads\/2019\/03\/1030W_Urne-Aehre-300x300.jpg 300w, https:\/\/www.zeichnungsverlag.ch\/wp-content\/uploads\/2019\/03\/1030W_Urne-Aehre-500x500.jpg 500w\" sizes=\"auto, (max-width: 600px) 100vw, 600px\" \/><\/a><div class=\"w-image-meta\"><div class=\"w-image-title\">1030W<\/div><\/div><\/div><\/div><\/div><\/div><\/div><\/div><\/div><\/div><div class=\"vc_col-sm-6 wpb_column vc_column_container\"><div class=\"vc_column-inner\"><div class=\"wpb_wrapper\"><div class=\"w-separator size_custom\" style=\"height:50px\"><\/div><div class=\"w-btn-wrapper align_justify\"><a class=\"w-btn us-btn-style_1\" title=\"Urnes\" href=\"https:\/\/www.zeichnungsverlag.ch\/fr\/urnes\/\"><span class=\"w-btn-label\">Retour<\/span><\/a><\/div><\/div><\/div><\/div><\/div><\/div><\/section>\n","protected":false},"excerpt":{"rendered":"L&rsquo;\u00e9pis de bl\u00e9 \u00e9tait d\u00e9j\u00e0 un symbole de fertilit\u00e9, de vie, de mort et de r\u00e9incarnation dans les anciennes civilisations. Le grain moulu devient de la farine avec laquelle le pain peut \u00eatre fait, ce qui \u00e9tait toujours l&rsquo;aliment de base des pauvres, il appara\u00eet dans de nombreux endroits de la Bible. Sur les pierres...","protected":false},"author":1,"featured_media":4554,"comment_status":"closed","ping_status":"closed","sticky":false,"template":"","format":"standard","meta":{"footnotes":""},"categories":[34],"tags":[],"class_list":["post-4552","post","type-post","status-publish","format-standard","has-post-thumbnail","hentry","category-urnes"],"_links":{"self":[{"href":"https:\/\/www.zeichnungsverlag.ch\/fr\/wp-json\/wp\/v2\/posts\/4552","targetHints":{"allow":["GET"]}}],"collection":[{"href":"https:\/\/www.zeichnungsverlag.ch\/fr\/wp-json\/wp\/v2\/posts"}],"about":[{"href":"https:\/\/www.zeichnungsverlag.ch\/fr\/wp-json\/wp\/v2\/types\/post"}],"author":[{"embeddable":true,"href":"https:\/\/www.zeichnungsverlag.ch\/fr\/wp-json\/wp\/v2\/users\/1"}],"replies":[{"embeddable":true,"href":"https:\/\/www.zeichnungsverlag.ch\/fr\/wp-json\/wp\/v2\/comments?post=4552"}],"version-history":[{"count":4,"href":"https:\/\/www.zeichnungsverlag.ch\/fr\/wp-json\/wp\/v2\/posts\/4552\/revisions"}],"predecessor-version":[{"id":4885,"href":"https:\/\/www.zeichnungsverlag.ch\/fr\/wp-json\/wp\/v2\/posts\/4552\/revisions\/4885"}],"wp:featuredmedia":[{"embeddable":true,"href":"https:\/\/www.zeichnungsverlag.ch\/fr\/wp-json\/wp\/v2\/media\/4554"}],"wp:attachment":[{"href":"https:\/\/www.zeichnungsverlag.ch\/fr\/wp-json\/wp\/v2\/media?parent=4552"}],"wp:term":[{"taxonomy":"category","embeddable":true,"href":"https:\/\/www.zeichnungsverlag.ch\/fr\/wp-json\/wp\/v2\/categories?post=4552"},{"taxonomy":"post_tag","embeddable":true,"href":"https:\/\/www.zeichnungsverlag.ch\/fr\/wp-json\/wp\/v2\/tags?post=4552"}],"curies":[{"name":"wp","href":"https:\/\/api.w.org\/{rel}","templated":true}]}}