{"id":4500,"date":"2020-04-16T14:10:50","date_gmt":"2020-04-16T14:10:50","guid":{"rendered":"https:\/\/www.zeichnungsverlag.ch\/rose-avec-croix\/"},"modified":"2020-05-14T06:59:04","modified_gmt":"2020-05-14T06:59:04","slug":"rose-avec-croix","status":"publish","type":"post","link":"https:\/\/www.zeichnungsverlag.ch\/fr\/rose-avec-croix\/","title":{"rendered":"Rose avec croix"},"content":{"rendered":"<section class=\"l-section wpb_row height_medium\"><div class=\"l-section-h i-cf\"><div class=\"g-cols vc_row via_flex valign_top type_default stacking_default\"><div class=\"vc_col-sm-6 wpb_column vc_column_container\"><div class=\"vc_column-inner\"><div class=\"wpb_wrapper\"><div class=\"w-post-elm post_image stretched\"><img loading=\"lazy\" decoding=\"async\" width=\"600\" height=\"600\" src=\"https:\/\/www.zeichnungsverlag.ch\/wp-content\/uploads\/2019\/03\/1080_Urnen-Rose-farbig.jpg\" class=\"attachment-large size-large wp-post-image\" alt=\"\" srcset=\"https:\/\/www.zeichnungsverlag.ch\/wp-content\/uploads\/2019\/03\/1080_Urnen-Rose-farbig.jpg 600w, https:\/\/www.zeichnungsverlag.ch\/wp-content\/uploads\/2019\/03\/1080_Urnen-Rose-farbig-150x150.jpg 150w, https:\/\/www.zeichnungsverlag.ch\/wp-content\/uploads\/2019\/03\/1080_Urnen-Rose-farbig-300x300.jpg 300w, https:\/\/www.zeichnungsverlag.ch\/wp-content\/uploads\/2019\/03\/1080_Urnen-Rose-farbig-500x500.jpg 500w\" sizes=\"auto, (max-width: 600px) 100vw, 600px\" \/><\/div><\/div><\/div><\/div><div class=\"vc_col-sm-6 wpb_column vc_column_container\"><div class=\"vc_column-inner\"><div class=\"wpb_wrapper\"><div class=\"wpb_text_column\"><div class=\"wpb_wrapper\"><p>La rose, le signe de Marie, la m\u00e8re de J\u00e9sus Christ, repr\u00e9sente la beaut\u00e9, la puret\u00e9 et l&rsquo;amour \u00e9ternel (m\u00eame apr\u00e8s de la mort). Vu sa d\u00e9floration rapide, la rose est aussi le symbole de l&rsquo;\u00e9vanescence. Le motif est combin\u00e9 avec une croix. Dans le christianisme, la croix symbolise la crucifixion de J\u00e9sus-Christ, qui a vaincu le p\u00e9ch\u00e9 et la mort par son sacrifice sur la croix, et sa r\u00e9surrection.<\/p>\n<\/div><\/div><div class=\"w-separator size_medium with_line width_default thick_1 style_solid color_border align_center\"><div class=\"w-separator-h\"><\/div><\/div><div class=\"wpb_text_column\"><div class=\"wpb_wrapper\"><h3>Caract\u00e9ristiques du produit<\/h3>\n<p>Hauteur: 27,5 cm<br \/>\nDiam\u00e8tre: 18,5 cm<br \/>\nVolume: 4 litres<br \/>\nPoids: 0,5 kg<br \/>\nMat\u00e9riel: substance naturelle<\/p>\n<\/div><\/div><\/div><\/div><\/div><\/div><\/div><\/section><section class=\"l-section wpb_row height_medium\"><div class=\"l-section-h i-cf\"><div class=\"g-cols vc_row via_flex valign_bottom type_default stacking_default\"><div class=\"vc_col-sm-6 wpb_column vc_column_container\"><div class=\"vc_column-inner\"><div class=\"wpb_wrapper\"><div class=\"g-cols wpb_row via_flex valign_top type_default stacking_default\"><div class=\"vc_col-sm-6 wpb_column vc_column_container\"><div class=\"vc_column-inner\"><div class=\"wpb_wrapper\"><div class=\"w-image align_center meta_simple\"><a ref=\"magnificPopup\" href=\"https:\/\/www.zeichnungsverlag.ch\/wp-content\/uploads\/2019\/03\/1080S_Urne-Rose-farbig.jpg\" aria-label=\"1080S\" class=\"w-image-h\"><img decoding=\"async\" width=\"600\" height=\"600\" src=\"https:\/\/www.zeichnungsverlag.ch\/wp-content\/uploads\/2019\/03\/1080S_Urne-Rose-farbig.jpg\" class=\"attachment-full size-full\" alt=\"\" loading=\"lazy\" srcset=\"https:\/\/www.zeichnungsverlag.ch\/wp-content\/uploads\/2019\/03\/1080S_Urne-Rose-farbig.jpg 600w, https:\/\/www.zeichnungsverlag.ch\/wp-content\/uploads\/2019\/03\/1080S_Urne-Rose-farbig-150x150.jpg 150w, https:\/\/www.zeichnungsverlag.ch\/wp-content\/uploads\/2019\/03\/1080S_Urne-Rose-farbig-300x300.jpg 300w, https:\/\/www.zeichnungsverlag.ch\/wp-content\/uploads\/2019\/03\/1080S_Urne-Rose-farbig-500x500.jpg 500w\" sizes=\"auto, (max-width: 600px) 100vw, 600px\" \/><\/a><div class=\"w-image-meta\"><div class=\"w-image-title\">1080S<\/div><\/div><\/div><\/div><\/div><\/div><div class=\"vc_col-sm-6 wpb_column vc_column_container\"><div class=\"vc_column-inner\"><div class=\"wpb_wrapper\"><div class=\"w-image align_center meta_simple\"><a ref=\"magnificPopup\" href=\"https:\/\/www.zeichnungsverlag.ch\/wp-content\/uploads\/2019\/03\/1080W_Urne-Rose-farbig.jpg\" aria-label=\"1080W\" class=\"w-image-h\"><img decoding=\"async\" width=\"600\" height=\"600\" src=\"https:\/\/www.zeichnungsverlag.ch\/wp-content\/uploads\/2019\/03\/1080W_Urne-Rose-farbig.jpg\" class=\"attachment-full size-full\" alt=\"\" loading=\"lazy\" srcset=\"https:\/\/www.zeichnungsverlag.ch\/wp-content\/uploads\/2019\/03\/1080W_Urne-Rose-farbig.jpg 600w, https:\/\/www.zeichnungsverlag.ch\/wp-content\/uploads\/2019\/03\/1080W_Urne-Rose-farbig-150x150.jpg 150w, https:\/\/www.zeichnungsverlag.ch\/wp-content\/uploads\/2019\/03\/1080W_Urne-Rose-farbig-300x300.jpg 300w, https:\/\/www.zeichnungsverlag.ch\/wp-content\/uploads\/2019\/03\/1080W_Urne-Rose-farbig-500x500.jpg 500w\" sizes=\"auto, (max-width: 600px) 100vw, 600px\" \/><\/a><div class=\"w-image-meta\"><div class=\"w-image-title\">1080W<\/div><\/div><\/div><\/div><\/div><\/div><\/div><\/div><\/div><\/div><div class=\"vc_col-sm-6 wpb_column vc_column_container\"><div class=\"vc_column-inner\"><div class=\"wpb_wrapper\"><div class=\"w-separator size_custom\" style=\"height:50px\"><\/div><div class=\"w-btn-wrapper align_justify\"><a class=\"w-btn us-btn-style_1\" title=\"Urnes\" href=\"https:\/\/www.zeichnungsverlag.ch\/fr\/urnes\/\"><span class=\"w-btn-label\">Retour<\/span><\/a><\/div><\/div><\/div><\/div><\/div><\/div><\/section>\n","protected":false},"excerpt":{"rendered":"La rose, le signe de Marie, la m\u00e8re de J\u00e9sus Christ, repr\u00e9sente la beaut\u00e9, la puret\u00e9 et l&rsquo;amour \u00e9ternel (m\u00eame apr\u00e8s de la mort). Vu sa d\u00e9floration rapide, la rose est aussi le symbole de l&rsquo;\u00e9vanescence. Le motif est combin\u00e9 avec une croix. Dans le christianisme, la croix symbolise la crucifixion de J\u00e9sus-Christ, qui a...","protected":false},"author":1,"featured_media":4502,"comment_status":"closed","ping_status":"closed","sticky":false,"template":"","format":"standard","meta":{"footnotes":""},"categories":[34],"tags":[],"class_list":["post-4500","post","type-post","status-publish","format-standard","has-post-thumbnail","hentry","category-urnes"],"_links":{"self":[{"href":"https:\/\/www.zeichnungsverlag.ch\/fr\/wp-json\/wp\/v2\/posts\/4500","targetHints":{"allow":["GET"]}}],"collection":[{"href":"https:\/\/www.zeichnungsverlag.ch\/fr\/wp-json\/wp\/v2\/posts"}],"about":[{"href":"https:\/\/www.zeichnungsverlag.ch\/fr\/wp-json\/wp\/v2\/types\/post"}],"author":[{"embeddable":true,"href":"https:\/\/www.zeichnungsverlag.ch\/fr\/wp-json\/wp\/v2\/users\/1"}],"replies":[{"embeddable":true,"href":"https:\/\/www.zeichnungsverlag.ch\/fr\/wp-json\/wp\/v2\/comments?post=4500"}],"version-history":[{"count":2,"href":"https:\/\/www.zeichnungsverlag.ch\/fr\/wp-json\/wp\/v2\/posts\/4500\/revisions"}],"predecessor-version":[{"id":4878,"href":"https:\/\/www.zeichnungsverlag.ch\/fr\/wp-json\/wp\/v2\/posts\/4500\/revisions\/4878"}],"wp:featuredmedia":[{"embeddable":true,"href":"https:\/\/www.zeichnungsverlag.ch\/fr\/wp-json\/wp\/v2\/media\/4502"}],"wp:attachment":[{"href":"https:\/\/www.zeichnungsverlag.ch\/fr\/wp-json\/wp\/v2\/media?parent=4500"}],"wp:term":[{"taxonomy":"category","embeddable":true,"href":"https:\/\/www.zeichnungsverlag.ch\/fr\/wp-json\/wp\/v2\/categories?post=4500"},{"taxonomy":"post_tag","embeddable":true,"href":"https:\/\/www.zeichnungsverlag.ch\/fr\/wp-json\/wp\/v2\/tags?post=4500"}],"curies":[{"name":"wp","href":"https:\/\/api.w.org\/{rel}","templated":true}]}}