{"id":4464,"date":"2020-04-16T13:55:06","date_gmt":"2020-04-16T13:55:06","guid":{"rendered":"https:\/\/www.zeichnungsverlag.ch\/montagne\/"},"modified":"2020-05-19T09:07:20","modified_gmt":"2020-05-19T09:07:20","slug":"montagne","status":"publish","type":"post","link":"https:\/\/www.zeichnungsverlag.ch\/fr\/montagne\/","title":{"rendered":"Montagne"},"content":{"rendered":"<section class=\"l-section wpb_row height_medium\"><div class=\"l-section-h i-cf\"><div class=\"g-cols vc_row via_flex valign_top type_default stacking_default\"><div class=\"vc_col-sm-6 wpb_column vc_column_container\"><div class=\"vc_column-inner\"><div class=\"wpb_wrapper\"><div class=\"w-post-elm post_image stretched\"><img loading=\"lazy\" decoding=\"async\" width=\"600\" height=\"600\" src=\"https:\/\/www.zeichnungsverlag.ch\/wp-content\/uploads\/2019\/03\/2040_Urnen-Berg.jpg\" class=\"attachment-large size-large wp-post-image\" alt=\"\" srcset=\"https:\/\/www.zeichnungsverlag.ch\/wp-content\/uploads\/2019\/03\/2040_Urnen-Berg.jpg 600w, https:\/\/www.zeichnungsverlag.ch\/wp-content\/uploads\/2019\/03\/2040_Urnen-Berg-150x150.jpg 150w, https:\/\/www.zeichnungsverlag.ch\/wp-content\/uploads\/2019\/03\/2040_Urnen-Berg-300x300.jpg 300w, https:\/\/www.zeichnungsverlag.ch\/wp-content\/uploads\/2019\/03\/2040_Urnen-Berg-500x500.jpg 500w\" sizes=\"auto, (max-width: 600px) 100vw, 600px\" \/><\/div><\/div><\/div><\/div><div class=\"vc_col-sm-6 wpb_column vc_column_container\"><div class=\"vc_column-inner\"><div class=\"wpb_wrapper\"><div class=\"wpb_text_column\"><div class=\"wpb_wrapper\"><p>Le motif \u00abmontagne\u00bb symbolisait dans de nombreuses religions le lieu de r\u00e9sidence des dieux. Les montagnes ont toujours influenc\u00e9 les gens, elles sont puissantes et leur donnent un sentiment de tranquillit\u00e9. Les montagnes forment une sorte de pont de liaison entre le ciel et la terre.<\/p>\n<\/div><\/div><div class=\"w-separator size_medium with_line width_default thick_1 style_solid color_border align_center\"><div class=\"w-separator-h\"><\/div><\/div><div class=\"wpb_text_column\"><div class=\"wpb_wrapper\"><h3>Caract\u00e9ristiques du produit<\/h3>\n<p>Hauteur: 27,5 cm<br \/>\nDiam\u00e8tre: 18,5 cm<br \/>\nVolume: 4 litres<br \/>\nPoids: 0,5 kg<br \/>\nMat\u00e9riel: substance naturelle<\/p>\n<\/div><\/div><\/div><\/div><\/div><\/div><\/div><\/section><section class=\"l-section wpb_row height_medium\"><div class=\"l-section-h i-cf\"><div class=\"g-cols vc_row via_flex valign_bottom type_default stacking_default\"><div class=\"vc_col-sm-6 wpb_column vc_column_container\"><div class=\"vc_column-inner\"><div class=\"wpb_wrapper\"><div class=\"g-cols wpb_row via_flex valign_top type_default stacking_default\"><div class=\"vc_col-sm-6 wpb_column vc_column_container\"><div class=\"vc_column-inner\"><div class=\"wpb_wrapper\"><div class=\"w-image align_center meta_simple\"><a ref=\"magnificPopup\" href=\"https:\/\/www.zeichnungsverlag.ch\/wp-content\/uploads\/2019\/03\/2040S_Urne-Berg.jpg\" aria-label=\"2040S\" class=\"w-image-h\"><img decoding=\"async\" width=\"600\" height=\"600\" src=\"https:\/\/www.zeichnungsverlag.ch\/wp-content\/uploads\/2019\/03\/2040S_Urne-Berg.jpg\" class=\"attachment-full size-full\" alt=\"\" loading=\"lazy\" srcset=\"https:\/\/www.zeichnungsverlag.ch\/wp-content\/uploads\/2019\/03\/2040S_Urne-Berg.jpg 600w, https:\/\/www.zeichnungsverlag.ch\/wp-content\/uploads\/2019\/03\/2040S_Urne-Berg-150x150.jpg 150w, https:\/\/www.zeichnungsverlag.ch\/wp-content\/uploads\/2019\/03\/2040S_Urne-Berg-300x300.jpg 300w, https:\/\/www.zeichnungsverlag.ch\/wp-content\/uploads\/2019\/03\/2040S_Urne-Berg-500x500.jpg 500w\" sizes=\"auto, (max-width: 600px) 100vw, 600px\" \/><\/a><div class=\"w-image-meta\"><div class=\"w-image-title\">2040S<\/div><\/div><\/div><\/div><\/div><\/div><div class=\"vc_col-sm-6 wpb_column vc_column_container\"><div class=\"vc_column-inner\"><div class=\"wpb_wrapper\"><div class=\"w-image align_center meta_simple\"><a ref=\"magnificPopup\" href=\"https:\/\/www.zeichnungsverlag.ch\/wp-content\/uploads\/2019\/03\/2040W_Urne-Berg.jpg\" aria-label=\"2040W\" class=\"w-image-h\"><img decoding=\"async\" width=\"600\" height=\"600\" src=\"https:\/\/www.zeichnungsverlag.ch\/wp-content\/uploads\/2019\/03\/2040W_Urne-Berg.jpg\" class=\"attachment-full size-full\" alt=\"\" loading=\"lazy\" srcset=\"https:\/\/www.zeichnungsverlag.ch\/wp-content\/uploads\/2019\/03\/2040W_Urne-Berg.jpg 600w, https:\/\/www.zeichnungsverlag.ch\/wp-content\/uploads\/2019\/03\/2040W_Urne-Berg-150x150.jpg 150w, https:\/\/www.zeichnungsverlag.ch\/wp-content\/uploads\/2019\/03\/2040W_Urne-Berg-300x300.jpg 300w, https:\/\/www.zeichnungsverlag.ch\/wp-content\/uploads\/2019\/03\/2040W_Urne-Berg-500x500.jpg 500w\" sizes=\"auto, (max-width: 600px) 100vw, 600px\" \/><\/a><div class=\"w-image-meta\"><div class=\"w-image-title\">2040W<\/div><\/div><\/div><\/div><\/div><\/div><\/div><\/div><\/div><\/div><div class=\"vc_col-sm-6 wpb_column vc_column_container\"><div class=\"vc_column-inner\"><div class=\"wpb_wrapper\"><div class=\"w-separator size_custom\" style=\"height:50px\"><\/div><div class=\"w-btn-wrapper align_justify\"><a class=\"w-btn us-btn-style_1\" title=\"Urnes\" href=\"https:\/\/www.zeichnungsverlag.ch\/fr\/urnes\/\"><span class=\"w-btn-label\">Retour<\/span><\/a><\/div><\/div><\/div><\/div><\/div><\/div><\/section>\n","protected":false},"excerpt":{"rendered":"Le motif \u00abmontagne\u00bb symbolisait dans de nombreuses religions le lieu de r\u00e9sidence des dieux. Les montagnes ont toujours influenc\u00e9 les gens, elles sont puissantes et leur donnent un sentiment de tranquillit\u00e9. Les montagnes forment une sorte de pont de liaison entre le ciel et la terre. Caract\u00e9ristiques du produit Hauteur: 27,5 cm Diam\u00e8tre: 18,5 cm...","protected":false},"author":1,"featured_media":4466,"comment_status":"closed","ping_status":"closed","sticky":false,"template":"","format":"standard","meta":{"footnotes":""},"categories":[35,34],"tags":[],"class_list":["post-4464","post","type-post","status-publish","format-standard","has-post-thumbnail","hentry","category-top-produits","category-urnes"],"_links":{"self":[{"href":"https:\/\/www.zeichnungsverlag.ch\/fr\/wp-json\/wp\/v2\/posts\/4464","targetHints":{"allow":["GET"]}}],"collection":[{"href":"https:\/\/www.zeichnungsverlag.ch\/fr\/wp-json\/wp\/v2\/posts"}],"about":[{"href":"https:\/\/www.zeichnungsverlag.ch\/fr\/wp-json\/wp\/v2\/types\/post"}],"author":[{"embeddable":true,"href":"https:\/\/www.zeichnungsverlag.ch\/fr\/wp-json\/wp\/v2\/users\/1"}],"replies":[{"embeddable":true,"href":"https:\/\/www.zeichnungsverlag.ch\/fr\/wp-json\/wp\/v2\/comments?post=4464"}],"version-history":[{"count":2,"href":"https:\/\/www.zeichnungsverlag.ch\/fr\/wp-json\/wp\/v2\/posts\/4464\/revisions"}],"predecessor-version":[{"id":4875,"href":"https:\/\/www.zeichnungsverlag.ch\/fr\/wp-json\/wp\/v2\/posts\/4464\/revisions\/4875"}],"wp:featuredmedia":[{"embeddable":true,"href":"https:\/\/www.zeichnungsverlag.ch\/fr\/wp-json\/wp\/v2\/media\/4466"}],"wp:attachment":[{"href":"https:\/\/www.zeichnungsverlag.ch\/fr\/wp-json\/wp\/v2\/media?parent=4464"}],"wp:term":[{"taxonomy":"category","embeddable":true,"href":"https:\/\/www.zeichnungsverlag.ch\/fr\/wp-json\/wp\/v2\/categories?post=4464"},{"taxonomy":"post_tag","embeddable":true,"href":"https:\/\/www.zeichnungsverlag.ch\/fr\/wp-json\/wp\/v2\/tags?post=4464"}],"curies":[{"name":"wp","href":"https:\/\/api.w.org\/{rel}","templated":true}]}}