{"id":4358,"date":"2020-04-16T09:24:22","date_gmt":"2020-04-16T09:24:22","guid":{"rendered":"https:\/\/www.zeichnungsverlag.ch\/lautomne\/"},"modified":"2020-05-14T06:55:04","modified_gmt":"2020-05-14T06:55:04","slug":"lautomne","status":"publish","type":"post","link":"https:\/\/www.zeichnungsverlag.ch\/fr\/lautomne\/","title":{"rendered":"Feuilles d&rsquo;automne"},"content":{"rendered":"<section class=\"l-section wpb_row height_medium\"><div class=\"l-section-h i-cf\"><div class=\"g-cols vc_row via_flex valign_top type_default stacking_default\"><div class=\"vc_col-sm-6 wpb_column vc_column_container\"><div class=\"vc_column-inner\"><div class=\"wpb_wrapper\"><div class=\"w-post-elm post_image stretched\"><img loading=\"lazy\" decoding=\"async\" width=\"600\" height=\"600\" src=\"https:\/\/www.zeichnungsverlag.ch\/wp-content\/uploads\/2019\/03\/3050_Urnen-Herbstlaub.jpg\" class=\"attachment-large size-large wp-post-image\" alt=\"\" srcset=\"https:\/\/www.zeichnungsverlag.ch\/wp-content\/uploads\/2019\/03\/3050_Urnen-Herbstlaub.jpg 600w, https:\/\/www.zeichnungsverlag.ch\/wp-content\/uploads\/2019\/03\/3050_Urnen-Herbstlaub-150x150.jpg 150w, https:\/\/www.zeichnungsverlag.ch\/wp-content\/uploads\/2019\/03\/3050_Urnen-Herbstlaub-300x300.jpg 300w, https:\/\/www.zeichnungsverlag.ch\/wp-content\/uploads\/2019\/03\/3050_Urnen-Herbstlaub-500x500.jpg 500w\" sizes=\"auto, (max-width: 600px) 100vw, 600px\" \/><\/div><\/div><\/div><\/div><div class=\"vc_col-sm-6 wpb_column vc_column_container\"><div class=\"vc_column-inner\"><div class=\"wpb_wrapper\"><div class=\"wpb_text_column\"><div class=\"wpb_wrapper\"><p>L&rsquo;automne repr\u00e9sente le moment de la r\u00e9colte, mais symbolise \u00e9galement la fin d&rsquo;une p\u00e9riode. Ainsi que les belles feuilles color\u00e9es qui sont progressivement tomb\u00e9es des arbres. Avec leurs belles couleurs, les feuilles nous rappellent les beaux moments qui ont pr\u00e9c\u00e9d\u00e9 l&rsquo;adieu. Emport\u00e9es par l&rsquo;eau, elles quittent notre motif \u00ab\u00a0feuilles d&rsquo;automne\u00a0\u00bb.<\/p>\n<\/div><\/div><div class=\"w-separator size_medium with_line width_default thick_1 style_solid color_border align_center\"><div class=\"w-separator-h\"><\/div><\/div><div class=\"wpb_text_column\"><div class=\"wpb_wrapper\"><h3>Caract\u00e9ristiques du produit<\/h3>\n<p>Hauteur: 27,5 cm<br \/>\nDiam\u00e8tre: 18,5 cm<br \/>\nVolume: 4 litres<br \/>\nPoids: 0,5 kg<br \/>\nMat\u00e9riel: substance naturelle<\/p>\n<\/div><\/div><\/div><\/div><\/div><\/div><\/div><\/section><section class=\"l-section wpb_row height_medium\"><div class=\"l-section-h i-cf\"><div class=\"g-cols vc_row via_flex valign_bottom type_default stacking_default\"><div class=\"vc_col-sm-6 wpb_column vc_column_container\"><div class=\"vc_column-inner\"><div class=\"wpb_wrapper\"><div class=\"g-cols wpb_row via_flex valign_top type_default stacking_default\"><div class=\"vc_col-sm-6 wpb_column vc_column_container\"><div class=\"vc_column-inner\"><div class=\"wpb_wrapper\"><div class=\"w-image align_center meta_simple\"><a ref=\"magnificPopup\" href=\"https:\/\/www.zeichnungsverlag.ch\/wp-content\/uploads\/2019\/03\/3050S_Urne-Herbstlaub.jpg\" aria-label=\"3050S\" class=\"w-image-h\"><img decoding=\"async\" width=\"600\" height=\"600\" src=\"https:\/\/www.zeichnungsverlag.ch\/wp-content\/uploads\/2019\/03\/3050S_Urne-Herbstlaub.jpg\" class=\"attachment-full size-full\" alt=\"\" loading=\"lazy\" srcset=\"https:\/\/www.zeichnungsverlag.ch\/wp-content\/uploads\/2019\/03\/3050S_Urne-Herbstlaub.jpg 600w, https:\/\/www.zeichnungsverlag.ch\/wp-content\/uploads\/2019\/03\/3050S_Urne-Herbstlaub-150x150.jpg 150w, https:\/\/www.zeichnungsverlag.ch\/wp-content\/uploads\/2019\/03\/3050S_Urne-Herbstlaub-300x300.jpg 300w, https:\/\/www.zeichnungsverlag.ch\/wp-content\/uploads\/2019\/03\/3050S_Urne-Herbstlaub-500x500.jpg 500w\" sizes=\"auto, (max-width: 600px) 100vw, 600px\" \/><\/a><div class=\"w-image-meta\"><div class=\"w-image-title\">3050S<\/div><\/div><\/div><\/div><\/div><\/div><div class=\"vc_col-sm-6 wpb_column vc_column_container\"><div class=\"vc_column-inner\"><div class=\"wpb_wrapper\"><div class=\"w-image align_center meta_simple\"><a ref=\"magnificPopup\" href=\"https:\/\/www.zeichnungsverlag.ch\/wp-content\/uploads\/2019\/03\/3050W_Urne-Herbstlaub.jpg\" aria-label=\"3050W\" class=\"w-image-h\"><img decoding=\"async\" width=\"600\" height=\"600\" src=\"https:\/\/www.zeichnungsverlag.ch\/wp-content\/uploads\/2019\/03\/3050W_Urne-Herbstlaub.jpg\" class=\"attachment-full size-full\" alt=\"\" loading=\"lazy\" srcset=\"https:\/\/www.zeichnungsverlag.ch\/wp-content\/uploads\/2019\/03\/3050W_Urne-Herbstlaub.jpg 600w, https:\/\/www.zeichnungsverlag.ch\/wp-content\/uploads\/2019\/03\/3050W_Urne-Herbstlaub-150x150.jpg 150w, https:\/\/www.zeichnungsverlag.ch\/wp-content\/uploads\/2019\/03\/3050W_Urne-Herbstlaub-300x300.jpg 300w, https:\/\/www.zeichnungsverlag.ch\/wp-content\/uploads\/2019\/03\/3050W_Urne-Herbstlaub-500x500.jpg 500w\" sizes=\"auto, (max-width: 600px) 100vw, 600px\" \/><\/a><div class=\"w-image-meta\"><div class=\"w-image-title\">3050W<\/div><\/div><\/div><\/div><\/div><\/div><\/div><\/div><\/div><\/div><div class=\"vc_col-sm-6 wpb_column vc_column_container\"><div class=\"vc_column-inner\"><div class=\"wpb_wrapper\"><div class=\"w-separator size_custom\" style=\"height:50px\"><\/div><div class=\"w-btn-wrapper align_justify\"><a class=\"w-btn us-btn-style_1\" title=\"Urnes\" href=\"https:\/\/www.zeichnungsverlag.ch\/fr\/urnes\/\"><span class=\"w-btn-label\">Retour<\/span><\/a><\/div><\/div><\/div><\/div><\/div><\/div><\/section>\n","protected":false},"excerpt":{"rendered":"L&rsquo;automne repr\u00e9sente le moment de la r\u00e9colte, mais symbolise \u00e9galement la fin d&rsquo;une p\u00e9riode. Ainsi que les belles feuilles color\u00e9es qui sont progressivement tomb\u00e9es des arbres. Avec leurs belles couleurs, les feuilles nous rappellent les beaux moments qui ont pr\u00e9c\u00e9d\u00e9 l&rsquo;adieu. Emport\u00e9es par l&rsquo;eau, elles quittent notre motif \u00ab\u00a0feuilles d&rsquo;automne\u00a0\u00bb. Caract\u00e9ristiques du produit Hauteur: 27,5...","protected":false},"author":1,"featured_media":4360,"comment_status":"closed","ping_status":"closed","sticky":false,"template":"","format":"standard","meta":{"footnotes":""},"categories":[34],"tags":[],"class_list":["post-4358","post","type-post","status-publish","format-standard","has-post-thumbnail","hentry","category-urnes"],"_links":{"self":[{"href":"https:\/\/www.zeichnungsverlag.ch\/fr\/wp-json\/wp\/v2\/posts\/4358","targetHints":{"allow":["GET"]}}],"collection":[{"href":"https:\/\/www.zeichnungsverlag.ch\/fr\/wp-json\/wp\/v2\/posts"}],"about":[{"href":"https:\/\/www.zeichnungsverlag.ch\/fr\/wp-json\/wp\/v2\/types\/post"}],"author":[{"embeddable":true,"href":"https:\/\/www.zeichnungsverlag.ch\/fr\/wp-json\/wp\/v2\/users\/1"}],"replies":[{"embeddable":true,"href":"https:\/\/www.zeichnungsverlag.ch\/fr\/wp-json\/wp\/v2\/comments?post=4358"}],"version-history":[{"count":6,"href":"https:\/\/www.zeichnungsverlag.ch\/fr\/wp-json\/wp\/v2\/posts\/4358\/revisions"}],"predecessor-version":[{"id":4867,"href":"https:\/\/www.zeichnungsverlag.ch\/fr\/wp-json\/wp\/v2\/posts\/4358\/revisions\/4867"}],"wp:featuredmedia":[{"embeddable":true,"href":"https:\/\/www.zeichnungsverlag.ch\/fr\/wp-json\/wp\/v2\/media\/4360"}],"wp:attachment":[{"href":"https:\/\/www.zeichnungsverlag.ch\/fr\/wp-json\/wp\/v2\/media?parent=4358"}],"wp:term":[{"taxonomy":"category","embeddable":true,"href":"https:\/\/www.zeichnungsverlag.ch\/fr\/wp-json\/wp\/v2\/categories?post=4358"},{"taxonomy":"post_tag","embeddable":true,"href":"https:\/\/www.zeichnungsverlag.ch\/fr\/wp-json\/wp\/v2\/tags?post=4358"}],"curies":[{"name":"wp","href":"https:\/\/api.w.org\/{rel}","templated":true}]}}